{"id":376,"date":"2019-04-14T15:48:05","date_gmt":"2019-04-14T14:48:05","guid":{"rendered":"https:\/\/www.ogv-puschendorf.de\/?p=376"},"modified":"2019-04-14T15:48:05","modified_gmt":"2019-04-14T14:48:05","slug":"gruene-termine","status":"publish","type":"post","link":"https:\/\/www.ogv-puschendorf.de\/?p=376","title":{"rendered":"Gr\u00fcne Termine"},"content":{"rendered":"<p>Hiermit eine Auswahl an gr\u00fcnen Terminen &#8211; kommerziell \u00a0 \u00a0 \u00a0 (Achtung &#8211; eventuell Eintritt!) und nicht kommerziell &#8211; f\u00fcr die n\u00e4chsten Monate:<\/p>\n<p>Bundesgartenschau Heilbronn 17.04. &#8211; 06.10.2019<\/p>\n<p>Tag der offenen G\u00e4rtnerei 27.04.2019 viele teilnehmende G\u00e4rtnereien<\/p>\n<p>26. N\u00fcrnberger Gartenmarkt Gro\u00dfgr\u00fcndlach 27.04. &#8211; 28.04.2019 \u00a010.00-18.00 Uhr<\/p>\n<p>Tag der offenen T\u00fcr Staudeng\u00e4rtnerei Augustin Effeltrich 28.04.2019 ab 10.00 Uhr<\/p>\n<p>26. F\u00fcrther Gartenmarkt 03.05. &#8211; 05.05.2019 F\u00fcrther Freiheit 09.30-18.00 Uhr<\/p>\n<p>Pflanzenb\u00f6rse Botanischer Garten Erlangen 04.05.2019 9.00-14.00 Uhr<\/p>\n<p>Marktplatzfest und Gartenmarkt Neuhof\/ Zenn 06.05.2019<\/p>\n<p>Faszination Garten Weingartsgreuth 10.05.2019 \u00a0 10.00-18.00 Uhr<\/p>\n<p>Gartenlust Schloss Weissenstein Pommersfelden 10.05.-12.05.2019 \u00a010.00-18.00 Uhr<\/p>\n<p>Landesgartenschau Wassertr\u00fcdingen 24.05. &#8211; 08.09.2019<\/p>\n<p>Rosenmarkt Cadolzburg am Bauhof 01.06. &#8211; 02.06.2019 \u00a010.00-18.00 Uhr<\/p>\n<p>Rosentage Baumschule Popp Puschendorf 22.06.-23.06.2019 Sa. 8.00-18.00 Uhr, So. 10.00-18.00 Uhr<\/p>\n<p>Tag der Offenen Gartent\u00fcr Mittelfranken 30.06.2019<\/p>\n<p>Gr\u00fcne Lust Wolfgangshof Anwanden 14.09. &#8211; 15.09.2019 \u00a010.00-18.00 Uhr<\/p>\n<p>Faszination Garten Weingartsgreuth 28.09.-29.09.2019 \u00a010.00-18.00 Uhr<\/p>\n<p>Vorschl\u00e4ge erw\u00fcnscht, es wird laufend aktualisiert.<\/p>\n<p>&nbsp;<\/p>\n<p>&nbsp;<\/p>\n","protected":false},"excerpt":{"rendered":"<p>Hiermit eine Auswahl an gr\u00fcnen Terminen &#8211; kommerziell \u00a0 \u00a0 \u00a0 (Achtung &#8211; eventuell Eintritt!) und nicht kommerziell &#8211; f\u00fcr die n\u00e4chsten Monate: Bundesgartenschau Heilbronn 17.04. &#8211; 06.10.2019 Tag der offenen G\u00e4rtnerei 27.04.2019 viele teilnehmende G\u00e4rtnereien 26. N\u00fcrnberger Gartenmarkt Gro\u00dfgr\u00fcndlach 27.04. &#8211; 28.04.2019 \u00a010.00-18.00 Uhr Tag der offenen T\u00fcr Staudeng\u00e4rtnerei Augustin Effeltrich 28.04.2019 ab 10.00 &hellip; <\/p>\n<p class=\"link-more\"><a href=\"https:\/\/www.ogv-puschendorf.de\/?p=376\" class=\"more-link\"><span class=\"screen-reader-text\">\u201eGr\u00fcne Termine\u201c<\/span> weiterlesen<\/a><\/p>\n","protected":false},"author":2,"featured_media":0,"comment_status":"closed","ping_status":"open","sticky":false,"template":"","format":"standard","meta":[],"categories":[1],"tags":[],"_links":{"self":[{"href":"https:\/\/www.ogv-puschendorf.de\/index.php?rest_route=\/wp\/v2\/posts\/376"}],"collection":[{"href":"https:\/\/www.ogv-puschendorf.de\/index.php?rest_route=\/wp\/v2\/posts"}],"about":[{"href":"https:\/\/www.ogv-puschendorf.de\/index.php?rest_route=\/wp\/v2\/types\/post"}],"author":[{"embeddable":true,"href":"https:\/\/www.ogv-puschendorf.de\/index.php?rest_route=\/wp\/v2\/users\/2"}],"replies":[{"embeddable":true,"href":"https:\/\/www.ogv-puschendorf.de\/index.php?rest_route=%2Fwp%2Fv2%2Fcomments&post=376"}],"version-history":[{"count":3,"href":"https:\/\/www.ogv-puschendorf.de\/index.php?rest_route=\/wp\/v2\/posts\/376\/revisions"}],"predecessor-version":[{"id":379,"href":"https:\/\/www.ogv-puschendorf.de\/index.php?rest_route=\/wp\/v2\/posts\/376\/revisions\/379"}],"wp:attachment":[{"href":"https:\/\/www.ogv-puschendorf.de\/index.php?rest_route=%2Fwp%2Fv2%2Fmedia&parent=376"}],"wp:term":[{"taxonomy":"category","embeddable":true,"href":"https:\/\/www.ogv-puschendorf.de\/index.php?rest_route=%2Fwp%2Fv2%2Fcategories&post=376"},{"taxonomy":"post_tag","embeddable":true,"href":"https:\/\/www.ogv-puschendorf.de\/index.php?rest_route=%2Fwp%2Fv2%2Ftags&post=376"}],"curies":[{"name":"wp","href":"https:\/\/api.w.org\/{rel}","templated":true}]}}