{"id":429,"date":"2020-02-17T20:41:59","date_gmt":"2020-02-17T19:41:59","guid":{"rendered":"https:\/\/www.ogv-puschendorf.de\/?p=429"},"modified":"2020-06-02T12:42:24","modified_gmt":"2020-06-02T11:42:24","slug":"gruene-termine-2020","status":"publish","type":"post","link":"https:\/\/www.ogv-puschendorf.de\/?p=429","title":{"rendered":"Gr\u00fcne Termine 2020"},"content":{"rendered":"<p>Achtung, es handelt sich sowohl um kommerzielle als auch nicht kommerzielle Termine.<br \/>\n<span style=\"color: #ff0000;\">Achtung! Durch die Coronakrise werden Termine abgesagt oder verschoben sein!<\/span><\/p>\n<p>Streuobstwiesen &#8211; Paradiese aus Menschenhand, Ausstellung im Rathaus Stein, 10.03 &#8211; 09.04.2020<\/p>\n<p>Landesgartenschau Ingolstadt 24.04. &#8211; 04.10.2020<br \/>\n&#8211; auf 2021 verschoben, zwei Gartenschauen zusammen mit Lindau &#8211;<\/p>\n<p>27. N\u00fcrnberger Gartenmarkt 25.04. &#8211; 26.04.2020 Festplatz Gro\u00dfgr\u00fcndlach &#8211; abgesagt<\/p>\n<p>F\u00fcrther Gartenmarkt 01.05. &#8211; 03.05.2020 F\u00fcrther Freiheit &#8211; abgesagt<\/p>\n<p>Gartenlust Schloss Weissenstein 08.05. &#8211; 10.05.2020 Pommersfelden &#8211; abgesagt<\/p>\n<p>Faszination Garten 15.05. &#8211; 17.05.2020 Schloss Weingartsgreuth &#8211; abgesagt<\/p>\n<p>Dennenloher Schloss- und Gartentage 21.05. &#8211; 24.05.2020 Unterschwaningen &#8211; abgesagt<\/p>\n<p>\u201cDie G\u00e4rten der Cadolzburg\u201c Themenf\u00fchrung 15.05.2020 \/ 07.08.2020 Bay. Schl\u00f6sserverwaltung &#8211; abgesagt<\/p>\n<p>Kunsthandwerk zur Rosenzeit 01.06. &#8211; 02.06.2020 Das Rote Haus Cadolzburg &#8211; abgesagt<\/p>\n<p>Tag der offenen Gartent\u00fcr Mittelfranken Sonntag 28.06.2020 &#8211; abgesagt<\/p>\n<p>Tag des Botanischen Gartens 12.07.2020 Erlangen<\/p>\n<p>Herbstimpressionen Kreislehrgarten Siegelsdorf 06.09.2020<\/p>\n<p>Faszination Garten 26.09. &#8211; 27.09.2020 Schloss Weingartsgreuth<\/p>\n<p>&nbsp;<\/p>\n","protected":false},"excerpt":{"rendered":"<p>Achtung, es handelt sich sowohl um kommerzielle als auch nicht kommerzielle Termine. Achtung! Durch die Coronakrise werden Termine abgesagt oder verschoben sein! Streuobstwiesen &#8211; Paradiese aus Menschenhand, Ausstellung im Rathaus Stein, 10.03 &#8211; 09.04.2020 Landesgartenschau Ingolstadt 24.04. &#8211; 04.10.2020 &#8211; auf 2021 verschoben, zwei Gartenschauen zusammen mit Lindau &#8211; 27. N\u00fcrnberger Gartenmarkt 25.04. &#8211; 26.04.2020 &hellip; <\/p>\n<p class=\"link-more\"><a href=\"https:\/\/www.ogv-puschendorf.de\/?p=429\" class=\"more-link\"><span class=\"screen-reader-text\">\u201eGr\u00fcne Termine 2020\u201c<\/span> weiterlesen<\/a><\/p>\n","protected":false},"author":2,"featured_media":0,"comment_status":"closed","ping_status":"open","sticky":false,"template":"","format":"standard","meta":[],"categories":[1],"tags":[],"_links":{"self":[{"href":"https:\/\/www.ogv-puschendorf.de\/index.php?rest_route=\/wp\/v2\/posts\/429"}],"collection":[{"href":"https:\/\/www.ogv-puschendorf.de\/index.php?rest_route=\/wp\/v2\/posts"}],"about":[{"href":"https:\/\/www.ogv-puschendorf.de\/index.php?rest_route=\/wp\/v2\/types\/post"}],"author":[{"embeddable":true,"href":"https:\/\/www.ogv-puschendorf.de\/index.php?rest_route=\/wp\/v2\/users\/2"}],"replies":[{"embeddable":true,"href":"https:\/\/www.ogv-puschendorf.de\/index.php?rest_route=%2Fwp%2Fv2%2Fcomments&post=429"}],"version-history":[{"count":8,"href":"https:\/\/www.ogv-puschendorf.de\/index.php?rest_route=\/wp\/v2\/posts\/429\/revisions"}],"predecessor-version":[{"id":473,"href":"https:\/\/www.ogv-puschendorf.de\/index.php?rest_route=\/wp\/v2\/posts\/429\/revisions\/473"}],"wp:attachment":[{"href":"https:\/\/www.ogv-puschendorf.de\/index.php?rest_route=%2Fwp%2Fv2%2Fmedia&parent=429"}],"wp:term":[{"taxonomy":"category","embeddable":true,"href":"https:\/\/www.ogv-puschendorf.de\/index.php?rest_route=%2Fwp%2Fv2%2Fcategories&post=429"},{"taxonomy":"post_tag","embeddable":true,"href":"https:\/\/www.ogv-puschendorf.de\/index.php?rest_route=%2Fwp%2Fv2%2Ftags&post=429"}],"curies":[{"name":"wp","href":"https:\/\/api.w.org\/{rel}","templated":true}]}}