{"id":969,"date":"2025-11-07T19:19:05","date_gmt":"2025-11-07T18:19:05","guid":{"rendered":"https:\/\/www.ogv-puschendorf.de\/?p=969"},"modified":"2025-11-07T19:19:05","modified_gmt":"2025-11-07T18:19:05","slug":"blumenschmuckpraemierung-am-23-oktober-2025","status":"publish","type":"post","link":"https:\/\/www.ogv-puschendorf.de\/?p=969","title":{"rendered":"Blumenschmuckpr\u00e4mierung am 23. Oktober 2025"},"content":{"rendered":"<p><img decoding=\"async\" loading=\"lazy\" class=\"alignnone size-medium wp-image-970\" src=\"https:\/\/www.ogv-puschendorf.de\/wp-content\/uploads\/2025\/11\/IMG_1003-300x225.jpeg\" alt=\"\" width=\"300\" height=\"225\" srcset=\"https:\/\/www.ogv-puschendorf.de\/wp-content\/uploads\/2025\/11\/IMG_1003-300x225.jpeg 300w, https:\/\/www.ogv-puschendorf.de\/wp-content\/uploads\/2025\/11\/IMG_1003-768x576.jpeg 768w, https:\/\/www.ogv-puschendorf.de\/wp-content\/uploads\/2025\/11\/IMG_1003.jpeg 800w\" sizes=\"(max-width: 300px) 100vw, 300px\" \/><\/p>\n<p>Am 23. Oktober 2025 fand in der Seerose in Horbach die allj\u00e4hrliche Blumenschmuckpr\u00e4mierung des Kreisverbandes statt. Wir sind stolz darauf, zum dritten mal in Folge den sch\u00f6nsten Garten im Landkreis F\u00fcrth in Puschendorf zu haben. Familie Margit und Reinhard Weghorn k\u00f6nnen sehr stolz auf ihren Garten sein und wir w\u00fcnschen weiterhin gutes Gelingen und viel Spa\u00df in ihrem sch\u00f6nen Garten.<\/p>\n","protected":false},"excerpt":{"rendered":"<p>Am 23. Oktober 2025 fand in der Seerose in Horbach die allj\u00e4hrliche Blumenschmuckpr\u00e4mierung des Kreisverbandes statt. Wir sind stolz darauf, zum dritten mal in Folge den sch\u00f6nsten Garten im Landkreis F\u00fcrth in Puschendorf zu haben. Familie Margit und Reinhard Weghorn k\u00f6nnen sehr stolz auf ihren Garten sein und wir w\u00fcnschen weiterhin gutes Gelingen und viel &hellip; <\/p>\n<p class=\"link-more\"><a href=\"https:\/\/www.ogv-puschendorf.de\/?p=969\" class=\"more-link\"><span class=\"screen-reader-text\">\u201eBlumenschmuckpr\u00e4mierung am 23. Oktober 2025\u201c<\/span> weiterlesen<\/a><\/p>\n","protected":false},"author":2,"featured_media":0,"comment_status":"closed","ping_status":"open","sticky":false,"template":"","format":"standard","meta":[],"categories":[1],"tags":[],"_links":{"self":[{"href":"https:\/\/www.ogv-puschendorf.de\/index.php?rest_route=\/wp\/v2\/posts\/969"}],"collection":[{"href":"https:\/\/www.ogv-puschendorf.de\/index.php?rest_route=\/wp\/v2\/posts"}],"about":[{"href":"https:\/\/www.ogv-puschendorf.de\/index.php?rest_route=\/wp\/v2\/types\/post"}],"author":[{"embeddable":true,"href":"https:\/\/www.ogv-puschendorf.de\/index.php?rest_route=\/wp\/v2\/users\/2"}],"replies":[{"embeddable":true,"href":"https:\/\/www.ogv-puschendorf.de\/index.php?rest_route=%2Fwp%2Fv2%2Fcomments&post=969"}],"version-history":[{"count":1,"href":"https:\/\/www.ogv-puschendorf.de\/index.php?rest_route=\/wp\/v2\/posts\/969\/revisions"}],"predecessor-version":[{"id":971,"href":"https:\/\/www.ogv-puschendorf.de\/index.php?rest_route=\/wp\/v2\/posts\/969\/revisions\/971"}],"wp:attachment":[{"href":"https:\/\/www.ogv-puschendorf.de\/index.php?rest_route=%2Fwp%2Fv2%2Fmedia&parent=969"}],"wp:term":[{"taxonomy":"category","embeddable":true,"href":"https:\/\/www.ogv-puschendorf.de\/index.php?rest_route=%2Fwp%2Fv2%2Fcategories&post=969"},{"taxonomy":"post_tag","embeddable":true,"href":"https:\/\/www.ogv-puschendorf.de\/index.php?rest_route=%2Fwp%2Fv2%2Ftags&post=969"}],"curies":[{"name":"wp","href":"https:\/\/api.w.org\/{rel}","templated":true}]}}