{"id":973,"date":"2025-12-07T17:39:14","date_gmt":"2025-12-07T16:39:14","guid":{"rendered":"https:\/\/www.ogv-puschendorf.de\/?p=973"},"modified":"2025-12-07T17:39:14","modified_gmt":"2025-12-07T16:39:14","slug":"pflanzaktion-am-kindergarten","status":"publish","type":"post","link":"https:\/\/www.ogv-puschendorf.de\/?p=973","title":{"rendered":"Pflanzaktion am Kindergarten"},"content":{"rendered":"<p><img decoding=\"async\" loading=\"lazy\" class=\"alignnone size-medium wp-image-974\" src=\"https:\/\/www.ogv-puschendorf.de\/wp-content\/uploads\/2025\/12\/IMG_1056-300x225.jpeg\" alt=\"\" width=\"300\" height=\"225\" srcset=\"https:\/\/www.ogv-puschendorf.de\/wp-content\/uploads\/2025\/12\/IMG_1056-300x225.jpeg 300w, https:\/\/www.ogv-puschendorf.de\/wp-content\/uploads\/2025\/12\/IMG_1056-1024x768.jpeg 1024w, https:\/\/www.ogv-puschendorf.de\/wp-content\/uploads\/2025\/12\/IMG_1056-768x576.jpeg 768w, https:\/\/www.ogv-puschendorf.de\/wp-content\/uploads\/2025\/12\/IMG_1056.jpeg 1366w\" sizes=\"(max-width: 300px) 100vw, 300px\" \/><\/p>\n<p>Am 08. November 2025 fand eine Pflanzaktion des Klimaschutzbeirates in Kooperation mit Bund Naturschutz und Obst- und Gartenbauverein beim Parkplatz vor der Arztpraxis\/ Kindergarten statt. Im Gemeinderat wurde diskutiert, wie die Parkplatzsituation geregelt bzw. das Wildparken in der Wiese vermieden werden kann. In Abstimmung mit der Gemeinde wurden vorl\u00e4ufig Baumst\u00e4mme installiert und von den Beteiligten ausgew\u00e4hlte Wild- bzw. Vogeln\u00e4hrgeh\u00f6lze gepflanzt.<\/p>\n<p>&nbsp;<\/p>\n","protected":false},"excerpt":{"rendered":"<p>Am 08. November 2025 fand eine Pflanzaktion des Klimaschutzbeirates in Kooperation mit Bund Naturschutz und Obst- und Gartenbauverein beim Parkplatz vor der Arztpraxis\/ Kindergarten statt. Im Gemeinderat wurde diskutiert, wie die Parkplatzsituation geregelt bzw. das Wildparken in der Wiese vermieden werden kann. In Abstimmung mit der Gemeinde wurden vorl\u00e4ufig Baumst\u00e4mme installiert und von den Beteiligten &hellip; <\/p>\n<p class=\"link-more\"><a href=\"https:\/\/www.ogv-puschendorf.de\/?p=973\" class=\"more-link\"><span class=\"screen-reader-text\">\u201ePflanzaktion am Kindergarten\u201c<\/span> weiterlesen<\/a><\/p>\n","protected":false},"author":2,"featured_media":0,"comment_status":"closed","ping_status":"open","sticky":false,"template":"","format":"standard","meta":[],"categories":[1],"tags":[],"_links":{"self":[{"href":"https:\/\/www.ogv-puschendorf.de\/index.php?rest_route=\/wp\/v2\/posts\/973"}],"collection":[{"href":"https:\/\/www.ogv-puschendorf.de\/index.php?rest_route=\/wp\/v2\/posts"}],"about":[{"href":"https:\/\/www.ogv-puschendorf.de\/index.php?rest_route=\/wp\/v2\/types\/post"}],"author":[{"embeddable":true,"href":"https:\/\/www.ogv-puschendorf.de\/index.php?rest_route=\/wp\/v2\/users\/2"}],"replies":[{"embeddable":true,"href":"https:\/\/www.ogv-puschendorf.de\/index.php?rest_route=%2Fwp%2Fv2%2Fcomments&post=973"}],"version-history":[{"count":2,"href":"https:\/\/www.ogv-puschendorf.de\/index.php?rest_route=\/wp\/v2\/posts\/973\/revisions"}],"predecessor-version":[{"id":978,"href":"https:\/\/www.ogv-puschendorf.de\/index.php?rest_route=\/wp\/v2\/posts\/973\/revisions\/978"}],"wp:attachment":[{"href":"https:\/\/www.ogv-puschendorf.de\/index.php?rest_route=%2Fwp%2Fv2%2Fmedia&parent=973"}],"wp:term":[{"taxonomy":"category","embeddable":true,"href":"https:\/\/www.ogv-puschendorf.de\/index.php?rest_route=%2Fwp%2Fv2%2Fcategories&post=973"},{"taxonomy":"post_tag","embeddable":true,"href":"https:\/\/www.ogv-puschendorf.de\/index.php?rest_route=%2Fwp%2Fv2%2Ftags&post=973"}],"curies":[{"name":"wp","href":"https:\/\/api.w.org\/{rel}","templated":true}]}}